{"id":4961,"date":"2026-08-30T03:12:42","date_gmt":"2026-08-30T06:12:42","guid":{"rendered":"https:\/\/www.encontrajardins.com.br\/rua-oscar-freire\/menino-com-down-conhece-irmao-recem\/"},"modified":"2026-08-30T03:12:42","modified_gmt":"2026-08-30T06:12:42","slug":"menino-com-down-conhece-irmao-recem","status":"publish","type":"post","link":"https:\/\/www.encontrajardins.com.br\/rua-oscar-freire\/menino-com-down-conhece-irmao-recem\/","title":{"rendered":"Menino com Down conhece irm\u00e3o rec\u00e9m"},"content":{"rendered":"<h2>Um Encontro Inesquec\u00edvel entre Irm\u00e3os<\/h2>\n<p>Em um momento que tocou o cora\u00e7\u00e3o de muitos, Samuel, um menino que possui s\u00edndrome de Down, teve a oportunidade de conhecer seu rec\u00e9m-nascido irm\u00e3o, Ramon, pela primeira vez. A cena, documentada em v\u00eddeo, capturou a beleza da rea\u00e7\u00e3o de Samuel ao ver o pequeno Ramon. Ele exclamou com entusiasmo: &#8220;uau, del\u00edcia&#8221;, ao tocar e olhar para o seu irm\u00e3o, um gesto que revela a pureza e a espontaneidade do amor fraternal.<\/p>\n<h2>A Rea\u00e7\u00e3o de Samuel ao Conhecer Ramon<\/h2>\n<p>Quando Samuel se aproximou de Ramon, sua express\u00e3o iluminada e seu sorriso genu\u00edno refletiram sua alegria ao acolher o novo membro da fam\u00edlia. Este encontro, sem grandes prepara\u00e7\u00f5es ou discursos, trouxe \u00e0 tona a ess\u00eancia da curiosidade infantil e o carinho que muitas vezes encontramos nas rela\u00e7\u00f5es entre irm\u00e3os. A simplicidade deste primeiro encontro deixa claro que, para eles, o amor n\u00e3o precisa de palavras elaboradas.<\/p>\n<h2>O Papel da Fam\u00edlia na Inclus\u00e3o<\/h2>\n<p>A inclus\u00e3o e aceita\u00e7\u00e3o de diferentes realidades nas fam\u00edlias s\u00e3o fundamentais para o desenvolvimento saud\u00e1vel das crian\u00e7as. Os pais de Samuel e Ramon, Maikon e Aline, desempenharam um papel crucial em criar um ambiente de amor e apoio que permite a cada um deles florescer. Esta experi\u00eancia n\u00e3o \u00e9 apenas uma adapta\u00e7\u00e3o para a chegada de um novo membro, mas um passo significativo para que Samuel expanda seu papel dentro da fam\u00edlia, agora como irm\u00e3o mais velho.<\/p>\n<p><img decoding=\"async\" src=\"https:\/\/www.encontrajardins.com.br\/rua-oscar-freire\/wp-content\/uploads\/2026\/08\/menino-com-down-conhece-irmao-recem.webp\" alt=\"menino com Down\" loading=\"lazy\" \/><\/p>\n<h2>O Significado de Ser Irm\u00e3o Mais Velho<\/h2>\n<p>Ser irm\u00e3o mais velho traz novas responsabilidades e um papel importante na vida de Samuel. Com a chegada de Ramon, ele n\u00e3o \u00e9 mais apenas o filho mais novo, mas agora ocupa a posi\u00e7\u00e3o de protetor e guia. Essa nova din\u00e2mica pode ser uma experi\u00eancia transformadora, tanto para Samuel quanto para Ramon, contribuindo para o fortalecimento dos la\u00e7os entre eles. O desejo de Samuel em cuidar e amar Ramon \u00e9 um reflexo do v\u00ednculo especial que os irm\u00e3os t\u00eam.<\/p>\n<h2>Samuel e Ramon: Uma Hist\u00f3ria de Amor<\/h2>\n<p>A hist\u00f3ria de Samuel e Ramon \u00e9 uma celebra\u00e7\u00e3o do amor familiar. Desde seu nascimento, Samuel, que nasceu com trissomia do cromossomo 21, trouxe uma luz especial para seus pais, e agora, com a chegada de Ramon, essa luz s\u00f3 se intensifica. Ambos os meninos t\u00eam o potencial de se apoiarem ao longo de suas vidas, criando uma rela\u00e7\u00e3o que ser\u00e1 um pilar de apoio e felicidade.<\/p>\n<h2>Rea\u00e7\u00f5es que Derretem Cora\u00e7\u00f5es<\/h2>\n<p>\u00c9 admir\u00e1vel como o v\u00eddeo de Samuel conhecendo Ramon rapidamente se tornou viral nas redes sociais, emocionando internautas com a pureza do momento. As rea\u00e7\u00f5es espont\u00e2neas de crian\u00e7as muitas vezes nos tocam de maneira que palavras n\u00e3o podem descrever, mostrando que a conex\u00e3o entre irm\u00e3os transcende quaisquer barreiras que possam existir. O carinho e a alegria de Samuel ressoam com a inoc\u00eancia de sua idade, capazes de derreter cora\u00e7\u00f5es ao redor do mundo.<\/p>\n<h2>A Import\u00e2ncia do Carinho na Crian\u00e7a<\/h2>\n<p>Investir em carinho e afeto nos primeiros anos de vida \u00e9 crucial para o desenvolvimento emocional e social de qualquer crian\u00e7a. Samuel, recebendo amor de seus pais e agora de seu novo irm\u00e3o, est\u00e1 crescendo em um ambiente que fortalece suas habilidades de empatia e compreens\u00e3o. A presen\u00e7a do irm\u00e3o mais novo permite que Samuel expresse suas emo\u00e7\u00f5es e desenvolva um aprendizado m\u00fatuo que se refletir\u00e1 em suas intera\u00e7\u00f5es sociais no futuro.<\/p>\n<h2>Como a Trissomia 21 Transformou Vidas<\/h2>\n<p>A trissomia do cromossomo 21, ou s\u00edndrome de Down, n\u00e3o define uma pessoa, mas sim sua capacidade de trazer amor e alegria ao mundo. A experi\u00eancia da fam\u00edlia de Samuel ilustra como a aceita\u00e7\u00e3o e compreens\u00e3o podem transformar vidas. Os pais de Samuel enfatizam que a chegada do filho com necessidades especiais n\u00e3o foi um fardo, mas uma b\u00ean\u00e7\u00e3o que os fez crescer e entender a import\u00e2ncia do amor incondicional.<\/p>\n<h2>Reflex\u00f5es sobre a Inclus\u00e3o e Diversidade<\/h2>\n<p>A inclus\u00e3o de crian\u00e7as com s\u00edndrome de Down nas fam\u00edlias e na sociedade \u00e9 um tema que ainda necessita de aten\u00e7\u00e3o e cuidado. Hist\u00f3rias como a de Samuel e Ramon servem como exemplos inspiradores que mostram que cada crian\u00e7a traz um conjunto \u00fanico de desafios e alegrias. \u00c0 medida que a sociedade evolui, \u00e9 fundamental que aprendamos a celebrar as diferen\u00e7as e a acolher a diversidade.<\/p>\n<h2>O Valor das Rela\u00e7\u00f5es Familiares<\/h2>\n<p>As rela\u00e7\u00f5es familiares s\u00e3o a base do que somos e como nos relacionamos com o mundo ao nosso redor. O amor e apoio incondicional que Samuel e Ramon receber\u00e3o de seus pais permitir\u00e3o que eles cres\u00e7am com seguran\u00e7a e autoestima. Como em qualquer fam\u00edlia, a uni\u00e3o e o v\u00ednculo afetivo entre irm\u00e3os ser\u00e3o fatores que moldar\u00e3o suas personalidades e intera\u00e7\u00f5es futuras, formando um legado de amor que perdurar\u00e1 ao longo de suas vidas.<\/p>\n","protected":false},"excerpt":{"rendered":"<p>Menino com Down tem rea\u00e7\u00e3o emocionante ao conhecer irm\u00e3o rec\u00e9m-nascido.<\/p>\n","protected":false},"author":1,"featured_media":4960,"comment_status":"open","ping_status":"open","sticky":false,"template":"","format":"standard","meta":{"footnotes":""},"categories":[5],"tags":[],"class_list":["post-4961","post","type-post","status-publish","format-standard","has-post-thumbnail","hentry","category-noticias","has_thumb"],"yoast_head":"<!-- This site is optimized with the Yoast SEO plugin v28.1 - https:\/\/yoast.com\/product\/yoast-seo-wordpress\/ -->\n<title>Menino com Down conhece irm\u00e3o rec\u00e9m | Guia Rua Oscar Freire SP<\/title>\n<meta name=\"robots\" content=\"index, follow, max-snippet:-1, max-image-preview:large, max-video-preview:-1\" \/>\n<link rel=\"canonical\" href=\"https:\/\/www.encontrajardins.com.br\/rua-oscar-freire\/menino-com-down-conhece-irmao-recem\/\" \/>\n<meta property=\"og:locale\" content=\"pt_BR\" \/>\n<meta property=\"og:type\" content=\"article\" \/>\n<meta property=\"og:title\" content=\"Menino com Down conhece irm\u00e3o rec\u00e9m | Guia Rua Oscar Freire SP\" \/>\n<meta property=\"og:description\" content=\"Menino com Down tem rea\u00e7\u00e3o emocionante ao conhecer irm\u00e3o rec\u00e9m-nascido.\" \/>\n<meta property=\"og:url\" content=\"https:\/\/www.encontrajardins.com.br\/rua-oscar-freire\/menino-com-down-conhece-irmao-recem\/\" \/>\n<meta property=\"og:site_name\" content=\"Guia Rua Oscar Freire SP\" \/>\n<meta property=\"article:published_time\" content=\"2026-08-30T06:12:42+00:00\" \/>\n<meta property=\"og:image\" content=\"https:\/\/www.encontrajardins.com.br\/rua-oscar-freire\/wp-content\/uploads\/2026\/08\/menino-com-down-conhece-irmao-recem.webp\" \/>\n<meta name=\"author\" content=\"Encontra Rua Oscar Freire\" \/>\n<meta name=\"twitter:card\" content=\"summary_large_image\" \/>\n<meta name=\"twitter:label1\" content=\"Escrito por\" \/>\n\t<meta name=\"twitter:data1\" content=\"Encontra Rua Oscar Freire\" \/>\n\t<meta name=\"twitter:label2\" content=\"Est. tempo de leitura\" \/>\n\t<meta name=\"twitter:data2\" content=\"4 minutos\" \/>\n<script type=\"application\/ld+json\" class=\"yoast-schema-graph\">{\"@context\":\"https:\\\/\\\/schema.org\",\"@graph\":[{\"@type\":\"Article\",\"@id\":\"https:\\\/\\\/www.encontrajardins.com.br\\\/rua-oscar-freire\\\/menino-com-down-conhece-irmao-recem\\\/#article\",\"isPartOf\":{\"@id\":\"https:\\\/\\\/www.encontrajardins.com.br\\\/rua-oscar-freire\\\/menino-com-down-conhece-irmao-recem\\\/\"},\"author\":{\"name\":\"Encontra Rua Oscar Freire\",\"@id\":\"https:\\\/\\\/www.encontrajardins.com.br\\\/rua-oscar-freire\\\/#\\\/schema\\\/person\\\/3166ca84b756e32f4dc9083fad9c8b59\"},\"headline\":\"Menino com Down conhece irm\u00e3o rec\u00e9m\",\"datePublished\":\"2026-08-30T06:12:42+00:00\",\"mainEntityOfPage\":{\"@id\":\"https:\\\/\\\/www.encontrajardins.com.br\\\/rua-oscar-freire\\\/menino-com-down-conhece-irmao-recem\\\/\"},\"wordCount\":872,\"commentCount\":0,\"image\":{\"@id\":\"https:\\\/\\\/www.encontrajardins.com.br\\\/rua-oscar-freire\\\/menino-com-down-conhece-irmao-recem\\\/#primaryimage\"},\"thumbnailUrl\":\"https:\\\/\\\/www.encontrajardins.com.br\\\/rua-oscar-freire\\\/wp-content\\\/uploads\\\/2026\\\/08\\\/menino-com-down-conhece-irmao-recem.webp\",\"articleSection\":[\"Not\u00edcias Rua Oscar Freire\"],\"inLanguage\":\"pt-BR\",\"potentialAction\":[{\"@type\":\"CommentAction\",\"name\":\"Comment\",\"target\":[\"https:\\\/\\\/www.encontrajardins.com.br\\\/rua-oscar-freire\\\/menino-com-down-conhece-irmao-recem\\\/#respond\"]}]},{\"@type\":\"WebPage\",\"@id\":\"https:\\\/\\\/www.encontrajardins.com.br\\\/rua-oscar-freire\\\/menino-com-down-conhece-irmao-recem\\\/\",\"url\":\"https:\\\/\\\/www.encontrajardins.com.br\\\/rua-oscar-freire\\\/menino-com-down-conhece-irmao-recem\\\/\",\"name\":\"Menino com Down conhece irm\u00e3o rec\u00e9m | Guia Rua Oscar Freire SP\",\"isPartOf\":{\"@id\":\"https:\\\/\\\/www.encontrajardins.com.br\\\/rua-oscar-freire\\\/#website\"},\"primaryImageOfPage\":{\"@id\":\"https:\\\/\\\/www.encontrajardins.com.br\\\/rua-oscar-freire\\\/menino-com-down-conhece-irmao-recem\\\/#primaryimage\"},\"image\":{\"@id\":\"https:\\\/\\\/www.encontrajardins.com.br\\\/rua-oscar-freire\\\/menino-com-down-conhece-irmao-recem\\\/#primaryimage\"},\"thumbnailUrl\":\"https:\\\/\\\/www.encontrajardins.com.br\\\/rua-oscar-freire\\\/wp-content\\\/uploads\\\/2026\\\/08\\\/menino-com-down-conhece-irmao-recem.webp\",\"datePublished\":\"2026-08-30T06:12:42+00:00\",\"author\":{\"@id\":\"https:\\\/\\\/www.encontrajardins.com.br\\\/rua-oscar-freire\\\/#\\\/schema\\\/person\\\/3166ca84b756e32f4dc9083fad9c8b59\"},\"inLanguage\":\"pt-BR\",\"potentialAction\":[{\"@type\":\"ReadAction\",\"target\":[\"https:\\\/\\\/www.encontrajardins.com.br\\\/rua-oscar-freire\\\/menino-com-down-conhece-irmao-recem\\\/\"]}]},{\"@type\":\"ImageObject\",\"inLanguage\":\"pt-BR\",\"@id\":\"https:\\\/\\\/www.encontrajardins.com.br\\\/rua-oscar-freire\\\/menino-com-down-conhece-irmao-recem\\\/#primaryimage\",\"url\":\"https:\\\/\\\/www.encontrajardins.com.br\\\/rua-oscar-freire\\\/wp-content\\\/uploads\\\/2026\\\/08\\\/menino-com-down-conhece-irmao-recem.webp\",\"contentUrl\":\"https:\\\/\\\/www.encontrajardins.com.br\\\/rua-oscar-freire\\\/wp-content\\\/uploads\\\/2026\\\/08\\\/menino-com-down-conhece-irmao-recem.webp\",\"width\":280,\"height\":280,\"caption\":\"menino com Down\"},{\"@type\":\"WebSite\",\"@id\":\"https:\\\/\\\/www.encontrajardins.com.br\\\/rua-oscar-freire\\\/#website\",\"url\":\"https:\\\/\\\/www.encontrajardins.com.br\\\/rua-oscar-freire\\\/\",\"name\":\"Guia Rua Oscar Freire SP\",\"description\":\"GUIA RUA OSCAR FREIRE - O guia comercial de neg\u00f3cios e empresas, cultura e divers\u00e3o na rua Oscar Freire. Feito 100% para voc\u00ea morador!\",\"potentialAction\":[{\"@type\":\"SearchAction\",\"target\":{\"@type\":\"EntryPoint\",\"urlTemplate\":\"https:\\\/\\\/www.encontrajardins.com.br\\\/rua-oscar-freire\\\/?s={search_term_string}\"},\"query-input\":{\"@type\":\"PropertyValueSpecification\",\"valueRequired\":true,\"valueName\":\"search_term_string\"}}],\"inLanguage\":\"pt-BR\"},{\"@type\":\"Person\",\"@id\":\"https:\\\/\\\/www.encontrajardins.com.br\\\/rua-oscar-freire\\\/#\\\/schema\\\/person\\\/3166ca84b756e32f4dc9083fad9c8b59\",\"name\":\"Encontra Rua Oscar Freire\",\"image\":{\"@type\":\"ImageObject\",\"inLanguage\":\"pt-BR\",\"@id\":\"https:\\\/\\\/www.encontrajardins.com.br\\\/rua-oscar-freire\\\/wp-content\\\/litespeed\\\/avatar\\\/e92a756db1fc224ef50d2f00ed0d047a.jpg?ver=1787788793\",\"url\":\"https:\\\/\\\/www.encontrajardins.com.br\\\/rua-oscar-freire\\\/wp-content\\\/litespeed\\\/avatar\\\/e92a756db1fc224ef50d2f00ed0d047a.jpg?ver=1787788793\",\"contentUrl\":\"https:\\\/\\\/www.encontrajardins.com.br\\\/rua-oscar-freire\\\/wp-content\\\/litespeed\\\/avatar\\\/e92a756db1fc224ef50d2f00ed0d047a.jpg?ver=1787788793\",\"caption\":\"Encontra Rua Oscar Freire\"},\"url\":\"https:\\\/\\\/www.encontrajardins.com.br\\\/rua-oscar-freire\\\/author\\\/rua-oscar-freire\\\/\"}]}<\/script>\n<!-- \/ Yoast SEO plugin. -->","yoast_head_json":{"title":"Menino com Down conhece irm\u00e3o rec\u00e9m | Guia Rua Oscar Freire SP","robots":{"index":"index","follow":"follow","max-snippet":"max-snippet:-1","max-image-preview":"max-image-preview:large","max-video-preview":"max-video-preview:-1"},"canonical":"https:\/\/www.encontrajardins.com.br\/rua-oscar-freire\/menino-com-down-conhece-irmao-recem\/","og_locale":"pt_BR","og_type":"article","og_title":"Menino com Down conhece irm\u00e3o rec\u00e9m | Guia Rua Oscar Freire SP","og_description":"Menino com Down tem rea\u00e7\u00e3o emocionante ao conhecer irm\u00e3o rec\u00e9m-nascido.","og_url":"https:\/\/www.encontrajardins.com.br\/rua-oscar-freire\/menino-com-down-conhece-irmao-recem\/","og_site_name":"Guia Rua Oscar Freire SP","article_published_time":"2026-08-30T06:12:42+00:00","og_image":[{"url":"https:\/\/www.encontrajardins.com.br\/rua-oscar-freire\/wp-content\/uploads\/2026\/08\/menino-com-down-conhece-irmao-recem.webp","type":"","width":"","height":""}],"author":"Encontra Rua Oscar Freire","twitter_card":"summary_large_image","twitter_misc":{"Escrito por":"Encontra Rua Oscar Freire","Est. tempo de leitura":"4 minutos"},"schema":{"@context":"https:\/\/schema.org","@graph":[{"@type":"Article","@id":"https:\/\/www.encontrajardins.com.br\/rua-oscar-freire\/menino-com-down-conhece-irmao-recem\/#article","isPartOf":{"@id":"https:\/\/www.encontrajardins.com.br\/rua-oscar-freire\/menino-com-down-conhece-irmao-recem\/"},"author":{"name":"Encontra Rua Oscar Freire","@id":"https:\/\/www.encontrajardins.com.br\/rua-oscar-freire\/#\/schema\/person\/3166ca84b756e32f4dc9083fad9c8b59"},"headline":"Menino com Down conhece irm\u00e3o rec\u00e9m","datePublished":"2026-08-30T06:12:42+00:00","mainEntityOfPage":{"@id":"https:\/\/www.encontrajardins.com.br\/rua-oscar-freire\/menino-com-down-conhece-irmao-recem\/"},"wordCount":872,"commentCount":0,"image":{"@id":"https:\/\/www.encontrajardins.com.br\/rua-oscar-freire\/menino-com-down-conhece-irmao-recem\/#primaryimage"},"thumbnailUrl":"https:\/\/www.encontrajardins.com.br\/rua-oscar-freire\/wp-content\/uploads\/2026\/08\/menino-com-down-conhece-irmao-recem.webp","articleSection":["Not\u00edcias Rua Oscar Freire"],"inLanguage":"pt-BR","potentialAction":[{"@type":"CommentAction","name":"Comment","target":["https:\/\/www.encontrajardins.com.br\/rua-oscar-freire\/menino-com-down-conhece-irmao-recem\/#respond"]}]},{"@type":"WebPage","@id":"https:\/\/www.encontrajardins.com.br\/rua-oscar-freire\/menino-com-down-conhece-irmao-recem\/","url":"https:\/\/www.encontrajardins.com.br\/rua-oscar-freire\/menino-com-down-conhece-irmao-recem\/","name":"Menino com Down conhece irm\u00e3o rec\u00e9m | Guia Rua Oscar Freire SP","isPartOf":{"@id":"https:\/\/www.encontrajardins.com.br\/rua-oscar-freire\/#website"},"primaryImageOfPage":{"@id":"https:\/\/www.encontrajardins.com.br\/rua-oscar-freire\/menino-com-down-conhece-irmao-recem\/#primaryimage"},"image":{"@id":"https:\/\/www.encontrajardins.com.br\/rua-oscar-freire\/menino-com-down-conhece-irmao-recem\/#primaryimage"},"thumbnailUrl":"https:\/\/www.encontrajardins.com.br\/rua-oscar-freire\/wp-content\/uploads\/2026\/08\/menino-com-down-conhece-irmao-recem.webp","datePublished":"2026-08-30T06:12:42+00:00","author":{"@id":"https:\/\/www.encontrajardins.com.br\/rua-oscar-freire\/#\/schema\/person\/3166ca84b756e32f4dc9083fad9c8b59"},"inLanguage":"pt-BR","potentialAction":[{"@type":"ReadAction","target":["https:\/\/www.encontrajardins.com.br\/rua-oscar-freire\/menino-com-down-conhece-irmao-recem\/"]}]},{"@type":"ImageObject","inLanguage":"pt-BR","@id":"https:\/\/www.encontrajardins.com.br\/rua-oscar-freire\/menino-com-down-conhece-irmao-recem\/#primaryimage","url":"https:\/\/www.encontrajardins.com.br\/rua-oscar-freire\/wp-content\/uploads\/2026\/08\/menino-com-down-conhece-irmao-recem.webp","contentUrl":"https:\/\/www.encontrajardins.com.br\/rua-oscar-freire\/wp-content\/uploads\/2026\/08\/menino-com-down-conhece-irmao-recem.webp","width":280,"height":280,"caption":"menino com Down"},{"@type":"WebSite","@id":"https:\/\/www.encontrajardins.com.br\/rua-oscar-freire\/#website","url":"https:\/\/www.encontrajardins.com.br\/rua-oscar-freire\/","name":"Guia Rua Oscar Freire SP","description":"GUIA RUA OSCAR FREIRE - O guia comercial de neg\u00f3cios e empresas, cultura e divers\u00e3o na rua Oscar Freire. Feito 100% para voc\u00ea morador!","potentialAction":[{"@type":"SearchAction","target":{"@type":"EntryPoint","urlTemplate":"https:\/\/www.encontrajardins.com.br\/rua-oscar-freire\/?s={search_term_string}"},"query-input":{"@type":"PropertyValueSpecification","valueRequired":true,"valueName":"search_term_string"}}],"inLanguage":"pt-BR"},{"@type":"Person","@id":"https:\/\/www.encontrajardins.com.br\/rua-oscar-freire\/#\/schema\/person\/3166ca84b756e32f4dc9083fad9c8b59","name":"Encontra Rua Oscar Freire","image":{"@type":"ImageObject","inLanguage":"pt-BR","@id":"https:\/\/www.encontrajardins.com.br\/rua-oscar-freire\/wp-content\/litespeed\/avatar\/e92a756db1fc224ef50d2f00ed0d047a.jpg?ver=1787788793","url":"https:\/\/www.encontrajardins.com.br\/rua-oscar-freire\/wp-content\/litespeed\/avatar\/e92a756db1fc224ef50d2f00ed0d047a.jpg?ver=1787788793","contentUrl":"https:\/\/www.encontrajardins.com.br\/rua-oscar-freire\/wp-content\/litespeed\/avatar\/e92a756db1fc224ef50d2f00ed0d047a.jpg?ver=1787788793","caption":"Encontra Rua Oscar Freire"},"url":"https:\/\/www.encontrajardins.com.br\/rua-oscar-freire\/author\/rua-oscar-freire\/"}]}},"_links":{"self":[{"href":"https:\/\/www.encontrajardins.com.br\/rua-oscar-freire\/wp-json\/wp\/v2\/posts\/4961","targetHints":{"allow":["GET"]}}],"collection":[{"href":"https:\/\/www.encontrajardins.com.br\/rua-oscar-freire\/wp-json\/wp\/v2\/posts"}],"about":[{"href":"https:\/\/www.encontrajardins.com.br\/rua-oscar-freire\/wp-json\/wp\/v2\/types\/post"}],"author":[{"embeddable":true,"href":"https:\/\/www.encontrajardins.com.br\/rua-oscar-freire\/wp-json\/wp\/v2\/users\/1"}],"replies":[{"embeddable":true,"href":"https:\/\/www.encontrajardins.com.br\/rua-oscar-freire\/wp-json\/wp\/v2\/comments?post=4961"}],"version-history":[{"count":0,"href":"https:\/\/www.encontrajardins.com.br\/rua-oscar-freire\/wp-json\/wp\/v2\/posts\/4961\/revisions"}],"wp:featuredmedia":[{"embeddable":true,"href":"https:\/\/www.encontrajardins.com.br\/rua-oscar-freire\/wp-json\/wp\/v2\/media\/4960"}],"wp:attachment":[{"href":"https:\/\/www.encontrajardins.com.br\/rua-oscar-freire\/wp-json\/wp\/v2\/media?parent=4961"}],"wp:term":[{"taxonomy":"category","embeddable":true,"href":"https:\/\/www.encontrajardins.com.br\/rua-oscar-freire\/wp-json\/wp\/v2\/categories?post=4961"},{"taxonomy":"post_tag","embeddable":true,"href":"https:\/\/www.encontrajardins.com.br\/rua-oscar-freire\/wp-json\/wp\/v2\/tags?post=4961"}],"curies":[{"name":"wp","href":"https:\/\/api.w.org\/{rel}","templated":true}]}}